{"id":30084,"date":"2023-01-15T00:00:59","date_gmt":"2023-01-15T00:00:59","guid":{"rendered":"https:\/\/matchthemes.com\/demowp\/caverta\/?p=480"},"modified":"2023-01-15T00:00:59","modified_gmt":"2023-01-15T00:00:59","slug":"chef-new-summer-dish-2","status":"publish","type":"post","link":"https:\/\/www.brasseriedumoulin.be\/?p=30084","title":{"rendered":"R\u00e9ouverture 2024"},"content":{"rendered":"\t\t<div data-elementor-type=\"wp-post\" data-elementor-id=\"30084\" class=\"elementor elementor-30084\" data-elementor-post-type=\"post\">\n\t\t\t\t<div class=\"elementor-element elementor-element-48b93e74 e-flex e-con-boxed e-con e-parent\" data-id=\"48b93e74\" data-element_type=\"container\" data-e-type=\"container\">\n\t\t\t\t\t<div class=\"e-con-inner\">\n\t\t\t\t<div class=\"elementor-element elementor-element-0aa5961 elementor-widget elementor-widget-heading\" data-id=\"0aa5961\" data-element_type=\"widget\" data-e-type=\"widget\" data-widget_type=\"heading.default\">\n\t\t\t\t<div class=\"elementor-widget-container\">\n\t\t\t\t\t<h2 class=\"elementor-heading-title elementor-size-default\">R\u00e9ouverture 2024<\/h2>\t\t\t\t<\/div>\n\t\t\t\t<\/div>\n\t\t<div class=\"elementor-element elementor-element-38c0aeb e-grid e-con-boxed e-con e-child\" data-id=\"38c0aeb\" data-element_type=\"container\" data-e-type=\"container\">\n\t\t\t\t\t<div class=\"e-con-inner\">\n\t\t\t\t<div class=\"elementor-element elementor-element-664a4ff3 elementor-widget elementor-widget-text-editor\" data-id=\"664a4ff3\" data-element_type=\"widget\" data-e-type=\"widget\" data-widget_type=\"text-editor.default\">\n\t\t\t\t<div class=\"elementor-widget-container\">\n\t\t\t\t\t\t\t\t\t<div class=\"xdj266r x11i5rnm xat24cr x1mh8g0r x1vvkbs x126k92a\"><h6>Brasserie iconique de la Vall\u00e9e de la Molign\u00e9e pendant plus de 20 ans, la Brasserie du Moulin r\u00e9ouvre en 2024 sous la propri\u00e9t\u00e9 de l\u2019h\u00f4tel \u00ab <span style=\"text-decoration: underline;\"><a href=\"https:\/\/jardins.molignee.com\/\" target=\"_blank\" rel=\"noopener\">Les Jardins de la Molign\u00e9e<\/a><\/span> \u00bb.<\/h6><h6>\u00a0<\/h6><\/div><h6 class=\"xdj266r x11i5rnm xat24cr x1mh8g0r x1vvkbs x126k92a\">Pouvant accueillir jusque 88 places assises en int\u00e9rieur et 120 en ext\u00e9rieur, on y d\u00e9guste des plats typiques brasserie de la r\u00e9gion ainsi que des suggestions plus surprenantes.<\/h6>\t\t\t\t\t\t\t\t<\/div>\n\t\t\t\t<\/div>\n\t\t\t\t<div class=\"elementor-element elementor-element-55a64b8 elementor-widget elementor-widget-image\" data-id=\"55a64b8\" data-element_type=\"widget\" data-e-type=\"widget\" data-widget_type=\"image.default\">\n\t\t\t\t<div class=\"elementor-widget-container\">\n\t\t\t\t\t\t\t\t\t\t\t\t\t\t\t<img fetchpriority=\"high\" decoding=\"async\" width=\"1024\" height=\"683\" src=\"https:\/\/www.brasseriedumoulin.be\/wp-content\/uploads\/2024\/03\/191116_02-scaled-1-1024x683.jpg\" class=\"attachment-large size-large wp-image-29975\" alt=\"\" srcset=\"https:\/\/www.brasseriedumoulin.be\/wp-content\/uploads\/2024\/03\/191116_02-scaled-1-1024x683.jpg 1024w, https:\/\/www.brasseriedumoulin.be\/wp-content\/uploads\/2024\/03\/191116_02-scaled-1-300x200.jpg 300w, https:\/\/www.brasseriedumoulin.be\/wp-content\/uploads\/2024\/03\/191116_02-scaled-1-768x512.jpg 768w, https:\/\/www.brasseriedumoulin.be\/wp-content\/uploads\/2024\/03\/191116_02-scaled-1-1536x1024.jpg 1536w, https:\/\/www.brasseriedumoulin.be\/wp-content\/uploads\/2024\/03\/191116_02-scaled-1-2048x1366.jpg 2048w, https:\/\/www.brasseriedumoulin.be\/wp-content\/uploads\/2024\/03\/191116_02-scaled-1-800x533.jpg 800w\" sizes=\"(max-width: 1024px) 100vw, 1024px\" \/>\t\t\t\t\t\t\t\t\t\t\t\t\t\t\t<\/div>\n\t\t\t\t<\/div>\n\t\t\t\t<div class=\"elementor-element elementor-element-638c9cd elementor-widget elementor-widget-image\" data-id=\"638c9cd\" data-element_type=\"widget\" data-e-type=\"widget\" data-widget_type=\"image.default\">\n\t\t\t\t<div class=\"elementor-widget-container\">\n\t\t\t\t\t\t\t\t\t\t\t\t\t\t\t<img decoding=\"async\" width=\"1024\" height=\"576\" src=\"https:\/\/www.brasseriedumoulin.be\/wp-content\/uploads\/2024\/03\/B_268-Baudson-Brasserie-du-Moulin-P_04-Pers-4-25012024-1-1024x576.jpg\" class=\"attachment-large size-large wp-image-29053\" alt=\"\" srcset=\"https:\/\/www.brasseriedumoulin.be\/wp-content\/uploads\/2024\/03\/B_268-Baudson-Brasserie-du-Moulin-P_04-Pers-4-25012024-1-1024x576.jpg 1024w, https:\/\/www.brasseriedumoulin.be\/wp-content\/uploads\/2024\/03\/B_268-Baudson-Brasserie-du-Moulin-P_04-Pers-4-25012024-1-300x169.jpg 300w, https:\/\/www.brasseriedumoulin.be\/wp-content\/uploads\/2024\/03\/B_268-Baudson-Brasserie-du-Moulin-P_04-Pers-4-25012024-1-768x432.jpg 768w, https:\/\/www.brasseriedumoulin.be\/wp-content\/uploads\/2024\/03\/B_268-Baudson-Brasserie-du-Moulin-P_04-Pers-4-25012024-1-1536x864.jpg 1536w, https:\/\/www.brasseriedumoulin.be\/wp-content\/uploads\/2024\/03\/B_268-Baudson-Brasserie-du-Moulin-P_04-Pers-4-25012024-1-800x450.jpg 800w, https:\/\/www.brasseriedumoulin.be\/wp-content\/uploads\/2024\/03\/B_268-Baudson-Brasserie-du-Moulin-P_04-Pers-4-25012024-1.jpg 1787w\" sizes=\"(max-width: 1024px) 100vw, 1024px\" \/>\t\t\t\t\t\t\t\t\t\t\t\t\t\t\t<\/div>\n\t\t\t\t<\/div>\n\t\t\t\t<div class=\"elementor-element elementor-element-391ec05 elementor-widget elementor-widget-image\" data-id=\"391ec05\" data-element_type=\"widget\" data-e-type=\"widget\" data-widget_type=\"image.default\">\n\t\t\t\t<div class=\"elementor-widget-container\">\n\t\t\t\t\t\t\t\t\t\t\t\t\t\t\t<img decoding=\"async\" width=\"1024\" height=\"576\" src=\"https:\/\/www.brasseriedumoulin.be\/wp-content\/uploads\/2024\/03\/B_268-Baudson-Brasserie-du-Moulin-P_05-Pers-5-25012024-1-1024x576.jpg\" class=\"attachment-large size-large wp-image-29054\" alt=\"\" srcset=\"https:\/\/www.brasseriedumoulin.be\/wp-content\/uploads\/2024\/03\/B_268-Baudson-Brasserie-du-Moulin-P_05-Pers-5-25012024-1-1024x576.jpg 1024w, https:\/\/www.brasseriedumoulin.be\/wp-content\/uploads\/2024\/03\/B_268-Baudson-Brasserie-du-Moulin-P_05-Pers-5-25012024-1-300x169.jpg 300w, https:\/\/www.brasseriedumoulin.be\/wp-content\/uploads\/2024\/03\/B_268-Baudson-Brasserie-du-Moulin-P_05-Pers-5-25012024-1-768x432.jpg 768w, https:\/\/www.brasseriedumoulin.be\/wp-content\/uploads\/2024\/03\/B_268-Baudson-Brasserie-du-Moulin-P_05-Pers-5-25012024-1-1536x864.jpg 1536w, https:\/\/www.brasseriedumoulin.be\/wp-content\/uploads\/2024\/03\/B_268-Baudson-Brasserie-du-Moulin-P_05-Pers-5-25012024-1-800x450.jpg 800w, https:\/\/www.brasseriedumoulin.be\/wp-content\/uploads\/2024\/03\/B_268-Baudson-Brasserie-du-Moulin-P_05-Pers-5-25012024-1.jpg 1782w\" sizes=\"(max-width: 1024px) 100vw, 1024px\" \/>\t\t\t\t\t\t\t\t\t\t\t\t\t\t\t<\/div>\n\t\t\t\t<\/div>\n\t\t\t\t\t<\/div>\n\t\t\t\t<\/div>\n\t\t\t\t\t<\/div>\n\t\t\t\t<\/div>\n\t\t\t\t<\/div>\n\t\t","protected":false},"excerpt":{"rendered":"<p>Brasserie iconique de la Vall\u00e9e de la Molign\u00e9e pendant plus de 20 ans, la Brasserie du Moulin r\u00e9ouvre en 2024 sous la propri\u00e9t\u00e9 de l\u2019h\u00f4tel \u00ab Les Jardins de la Molign\u00e9e \u00bb. \u00a0 Pouvant accueillir jusque 88 places assises en int\u00e9rieur et 120 en ext\u00e9rieur, on y d\u00e9guste des plats typiques brasserie de la r\u00e9gion ainsi que des suggestions plus&#8230;<\/p>\n","protected":false},"author":1,"featured_media":29168,"comment_status":"closed","ping_status":"open","sticky":false,"template":"","format":"standard","meta":{"footnotes":""},"categories":[33],"tags":[38,42],"class_list":["post-30084","post","type-post","status-publish","format-standard","has-post-thumbnail","hentry","category-brasserie","tag-brasserie-du-moulin","tag-reouverture"],"acf":[],"_links":{"self":[{"href":"https:\/\/www.brasseriedumoulin.be\/index.php?rest_route=\/wp\/v2\/posts\/30084","targetHints":{"allow":["GET"]}}],"collection":[{"href":"https:\/\/www.brasseriedumoulin.be\/index.php?rest_route=\/wp\/v2\/posts"}],"about":[{"href":"https:\/\/www.brasseriedumoulin.be\/index.php?rest_route=\/wp\/v2\/types\/post"}],"author":[{"embeddable":true,"href":"https:\/\/www.brasseriedumoulin.be\/index.php?rest_route=\/wp\/v2\/users\/1"}],"replies":[{"embeddable":true,"href":"https:\/\/www.brasseriedumoulin.be\/index.php?rest_route=%2Fwp%2Fv2%2Fcomments&post=30084"}],"version-history":[{"count":0,"href":"https:\/\/www.brasseriedumoulin.be\/index.php?rest_route=\/wp\/v2\/posts\/30084\/revisions"}],"wp:featuredmedia":[{"embeddable":true,"href":"https:\/\/www.brasseriedumoulin.be\/index.php?rest_route=\/wp\/v2\/media\/29168"}],"wp:attachment":[{"href":"https:\/\/www.brasseriedumoulin.be\/index.php?rest_route=%2Fwp%2Fv2%2Fmedia&parent=30084"}],"wp:term":[{"taxonomy":"category","embeddable":true,"href":"https:\/\/www.brasseriedumoulin.be\/index.php?rest_route=%2Fwp%2Fv2%2Fcategories&post=30084"},{"taxonomy":"post_tag","embeddable":true,"href":"https:\/\/www.brasseriedumoulin.be\/index.php?rest_route=%2Fwp%2Fv2%2Ftags&post=30084"}],"curies":[{"name":"wp","href":"https:\/\/api.w.org\/{rel}","templated":true}]}}